{"id":1001,"date":"2023-12-07T12:25:22","date_gmt":"2023-12-07T11:25:22","guid":{"rendered":"https:\/\/ideat.be\/fr\/?p=1001"},"modified":"2026-01-23T12:42:09","modified_gmt":"2026-01-23T11:42:09","slug":"le-design-green-selon-zuiver-caroline-van-velze","status":"publish","type":"post","link":"https:\/\/ideat.be\/fr\/le-design-green-selon-zuiver-caroline-van-velze\/","title":{"rendered":"Le design green selon Zuiver, cinq questions \u00e0 la directrice cr\u00e9ative, Caroline van Velze"},"content":{"rendered":"","protected":false},"excerpt":{"rendered":"IDEAT : En tant que cofondatrice et directrice cr\u00e9ative de Zuiver, vous jouez un r\u00f4le crucial dans la d\u00e9finition de l&rsquo;\u00e9thique et des collections de l&rsquo;entreprise.","protected":false},"author":6,"featured_media":1006,"comment_status":"open","ping_status":"open","sticky":false,"template":"","format":"standard","meta":{"footnotes":""},"categories":[2],"tags":[16,250,36,221],"signature":[228],"class_list":["post-1001","post","type-post","status-publish","format-standard","has-post-thumbnail","hentry","category-design","tag-design","tag-dutch-design","tag-green","tag-interview"],"acf":[],"_links":{"self":[{"href":"https:\/\/ideat.be\/fr\/wp-json\/wp\/v2\/posts\/1001","targetHints":{"allow":["GET"]}}],"collection":[{"href":"https:\/\/ideat.be\/fr\/wp-json\/wp\/v2\/posts"}],"about":[{"href":"https:\/\/ideat.be\/fr\/wp-json\/wp\/v2\/types\/post"}],"author":[{"embeddable":true,"href":"https:\/\/ideat.be\/fr\/wp-json\/wp\/v2\/users\/6"}],"replies":[{"embeddable":true,"href":"https:\/\/ideat.be\/fr\/wp-json\/wp\/v2\/comments?post=1001"}],"version-history":[{"count":0,"href":"https:\/\/ideat.be\/fr\/wp-json\/wp\/v2\/posts\/1001\/revisions"}],"wp:featuredmedia":[{"embeddable":true,"href":"https:\/\/ideat.be\/fr\/wp-json\/wp\/v2\/media\/1006"}],"wp:attachment":[{"href":"https:\/\/ideat.be\/fr\/wp-json\/wp\/v2\/media?parent=1001"}],"wp:term":[{"taxonomy":"category","embeddable":true,"href":"https:\/\/ideat.be\/fr\/wp-json\/wp\/v2\/categories?post=1001"},{"taxonomy":"post_tag","embeddable":true,"href":"https:\/\/ideat.be\/fr\/wp-json\/wp\/v2\/tags?post=1001"},{"taxonomy":"signature","embeddable":true,"href":"https:\/\/ideat.be\/fr\/wp-json\/wp\/v2\/signature?post=1001"}],"curies":[{"name":"wp","href":"https:\/\/api.w.org\/{rel}","templated":true}]}}