{"id":1008,"date":"2024-01-30T15:50:32","date_gmt":"2024-01-30T14:50:32","guid":{"rendered":"https:\/\/ideat.be\/fr\/?p=1008"},"modified":"2026-01-23T12:42:09","modified_gmt":"2026-01-23T11:42:09","slug":"de-compagnie-un-melange-de-tradition-et-modernite","status":"publish","type":"post","link":"https:\/\/ideat.be\/fr\/de-compagnie-un-melange-de-tradition-et-modernite\/","title":{"rendered":"De Compagnie : un m\u00e9lange unique de tradition et modernit\u00e9 dans le mobilier sur-mesure et la conception d&rsquo;int\u00e9rieur"},"content":{"rendered":"","protected":false},"excerpt":{"rendered":"Originaire de Bornem, dans la province d\u2019Anvers, Paul Van Gerven (51 ans) est issu d\u2019une famille active de longue date dans l\u2019artisanat de la vannerie.","protected":false},"author":6,"featured_media":1024,"comment_status":"open","ping_status":"open","sticky":false,"template":"","format":"standard","meta":{"footnotes":""},"categories":[2,238],"tags":[251,252,188,166,106],"signature":[172],"class_list":["post-1008","post","type-post","status-publish","format-standard","has-post-thumbnail","hentry","category-design","category-ideat-pro","tag-agency","tag-bespoke","tag-furniture","tag-interior-design","tag-made-in-belgium"],"acf":[],"_links":{"self":[{"href":"https:\/\/ideat.be\/fr\/wp-json\/wp\/v2\/posts\/1008","targetHints":{"allow":["GET"]}}],"collection":[{"href":"https:\/\/ideat.be\/fr\/wp-json\/wp\/v2\/posts"}],"about":[{"href":"https:\/\/ideat.be\/fr\/wp-json\/wp\/v2\/types\/post"}],"author":[{"embeddable":true,"href":"https:\/\/ideat.be\/fr\/wp-json\/wp\/v2\/users\/6"}],"replies":[{"embeddable":true,"href":"https:\/\/ideat.be\/fr\/wp-json\/wp\/v2\/comments?post=1008"}],"version-history":[{"count":2,"href":"https:\/\/ideat.be\/fr\/wp-json\/wp\/v2\/posts\/1008\/revisions"}],"predecessor-version":[{"id":1026,"href":"https:\/\/ideat.be\/fr\/wp-json\/wp\/v2\/posts\/1008\/revisions\/1026"}],"wp:featuredmedia":[{"embeddable":true,"href":"https:\/\/ideat.be\/fr\/wp-json\/wp\/v2\/media\/1024"}],"wp:attachment":[{"href":"https:\/\/ideat.be\/fr\/wp-json\/wp\/v2\/media?parent=1008"}],"wp:term":[{"taxonomy":"category","embeddable":true,"href":"https:\/\/ideat.be\/fr\/wp-json\/wp\/v2\/categories?post=1008"},{"taxonomy":"post_tag","embeddable":true,"href":"https:\/\/ideat.be\/fr\/wp-json\/wp\/v2\/tags?post=1008"},{"taxonomy":"signature","embeddable":true,"href":"https:\/\/ideat.be\/fr\/wp-json\/wp\/v2\/signature?post=1008"}],"curies":[{"name":"wp","href":"https:\/\/api.w.org\/{rel}","templated":true}]}}