{"id":1049,"date":"2024-03-06T10:10:23","date_gmt":"2024-03-06T09:10:23","guid":{"rendered":"https:\/\/ideat.be\/fr\/?p=1049"},"modified":"2026-01-23T12:42:09","modified_gmt":"2026-01-23T11:42:09","slug":"aline-walther-girls-of-dust-inspirations","status":"publish","type":"post","link":"https:\/\/ideat.be\/fr\/aline-walther-girls-of-dust-inspirations\/","title":{"rendered":"Le monde inspirant d&rsquo;Aline Walther, l&rsquo;esprit cr\u00e9atif derri\u00e8re Girls of Dust"},"content":{"rendered":"","protected":false},"excerpt":{"rendered":"Dans sa maison \u00e0 Anvers, qu&rsquo;elle partage avec Keith,\u00a0Aline\u00a0s&rsquo;entoure d&rsquo;objets qui ne sont pas seulement esth\u00e9tiquement attrayants, mais qui ont \u00e9galement une signification plus profonde.","protected":false},"author":6,"featured_media":1052,"comment_status":"open","ping_status":"open","sticky":false,"template":"","format":"standard","meta":{"footnotes":""},"categories":[3],"tags":[30,256,221,255],"signature":[228],"class_list":["post-1049","post","type-post","status-publish","format-standard","has-post-thumbnail","hentry","category-lifestyle","tag-fashion","tag-inspiration","tag-interview","tag-never-too-much"],"acf":[],"_links":{"self":[{"href":"https:\/\/ideat.be\/fr\/wp-json\/wp\/v2\/posts\/1049","targetHints":{"allow":["GET"]}}],"collection":[{"href":"https:\/\/ideat.be\/fr\/wp-json\/wp\/v2\/posts"}],"about":[{"href":"https:\/\/ideat.be\/fr\/wp-json\/wp\/v2\/types\/post"}],"author":[{"embeddable":true,"href":"https:\/\/ideat.be\/fr\/wp-json\/wp\/v2\/users\/6"}],"replies":[{"embeddable":true,"href":"https:\/\/ideat.be\/fr\/wp-json\/wp\/v2\/comments?post=1049"}],"version-history":[{"count":0,"href":"https:\/\/ideat.be\/fr\/wp-json\/wp\/v2\/posts\/1049\/revisions"}],"wp:featuredmedia":[{"embeddable":true,"href":"https:\/\/ideat.be\/fr\/wp-json\/wp\/v2\/media\/1052"}],"wp:attachment":[{"href":"https:\/\/ideat.be\/fr\/wp-json\/wp\/v2\/media?parent=1049"}],"wp:term":[{"taxonomy":"category","embeddable":true,"href":"https:\/\/ideat.be\/fr\/wp-json\/wp\/v2\/categories?post=1049"},{"taxonomy":"post_tag","embeddable":true,"href":"https:\/\/ideat.be\/fr\/wp-json\/wp\/v2\/tags?post=1049"},{"taxonomy":"signature","embeddable":true,"href":"https:\/\/ideat.be\/fr\/wp-json\/wp\/v2\/signature?post=1049"}],"curies":[{"name":"wp","href":"https:\/\/api.w.org\/{rel}","templated":true}]}}