{"id":114,"date":"2023-03-29T17:48:37","date_gmt":"2023-03-29T15:48:37","guid":{"rendered":"https:\/\/ideat.be\/fr\/?p=114"},"modified":"2026-01-23T12:42:09","modified_gmt":"2026-01-23T11:42:09","slug":"obumex-nicolas-schuybroek-reinvente-la-cuisine-en-etain","status":"publish","type":"post","link":"https:\/\/ideat.be\/fr\/obumex-nicolas-schuybroek-reinvente-la-cuisine-en-etain\/","title":{"rendered":"Obumex : Nicolas Schuybroek r\u00e9invente la cuisine en \u00e9tain"},"content":{"rendered":"","protected":false},"excerpt":{"rendered":"Zoom sur la nouvelle cuisine en \u00e9tain\u00a0de l\u2019entreprise belge Obumex. ...","protected":false},"author":2,"featured_media":115,"comment_status":"open","ping_status":"open","sticky":false,"template":"","format":"standard","meta":{"footnotes":""},"categories":[2],"tags":[43,29],"signature":[11],"class_list":["post-114","post","type-post","status-publish","format-standard","has-post-thumbnail","hentry","category-design","tag-gand","tag-kitchen"],"acf":[],"_links":{"self":[{"href":"https:\/\/ideat.be\/fr\/wp-json\/wp\/v2\/posts\/114","targetHints":{"allow":["GET"]}}],"collection":[{"href":"https:\/\/ideat.be\/fr\/wp-json\/wp\/v2\/posts"}],"about":[{"href":"https:\/\/ideat.be\/fr\/wp-json\/wp\/v2\/types\/post"}],"author":[{"embeddable":true,"href":"https:\/\/ideat.be\/fr\/wp-json\/wp\/v2\/users\/2"}],"replies":[{"embeddable":true,"href":"https:\/\/ideat.be\/fr\/wp-json\/wp\/v2\/comments?post=114"}],"version-history":[{"count":1,"href":"https:\/\/ideat.be\/fr\/wp-json\/wp\/v2\/posts\/114\/revisions"}],"predecessor-version":[{"id":202,"href":"https:\/\/ideat.be\/fr\/wp-json\/wp\/v2\/posts\/114\/revisions\/202"}],"wp:featuredmedia":[{"embeddable":true,"href":"https:\/\/ideat.be\/fr\/wp-json\/wp\/v2\/media\/115"}],"wp:attachment":[{"href":"https:\/\/ideat.be\/fr\/wp-json\/wp\/v2\/media?parent=114"}],"wp:term":[{"taxonomy":"category","embeddable":true,"href":"https:\/\/ideat.be\/fr\/wp-json\/wp\/v2\/categories?post=114"},{"taxonomy":"post_tag","embeddable":true,"href":"https:\/\/ideat.be\/fr\/wp-json\/wp\/v2\/tags?post=114"},{"taxonomy":"signature","embeddable":true,"href":"https:\/\/ideat.be\/fr\/wp-json\/wp\/v2\/signature?post=114"}],"curies":[{"name":"wp","href":"https:\/\/api.w.org\/{rel}","templated":true}]}}