{"id":188,"date":"2023-03-29T17:37:22","date_gmt":"2023-03-29T15:37:22","guid":{"rendered":"https:\/\/ideat.be\/fr\/?p=188"},"modified":"2026-01-23T12:42:09","modified_gmt":"2026-01-23T11:42:09","slug":"road-trip-au-portugal-dans-la-vallee-du-douro","status":"publish","type":"post","link":"https:\/\/ideat.be\/fr\/road-trip-au-portugal-dans-la-vallee-du-douro\/","title":{"rendered":"Road trip au Portugal, dans la vall\u00e9e du Douro"},"content":{"rendered":"","protected":false},"excerpt":{"rendered":"Les paysages de la vall\u00e9e du Douro,\u00a0d\u2019une beaut\u00e9 exceptionnelle, sont propices \u00e0 la d\u00e9gustation de vins autant qu\u2019\u00e0 la contemplation : rien de tel qu\u2019un road trip au Portugal, en cinq \u00e9tapes, pour s\u2019en assurer.","protected":false},"author":2,"featured_media":189,"comment_status":"open","ping_status":"open","sticky":false,"template":"","format":"standard","meta":{"footnotes":""},"categories":[6],"tags":[34,35],"signature":[8],"class_list":["post-188","post","type-post","status-publish","format-standard","has-post-thumbnail","hentry","category-travel","tag-portugal","tag-road-trip"],"acf":[],"_links":{"self":[{"href":"https:\/\/ideat.be\/fr\/wp-json\/wp\/v2\/posts\/188","targetHints":{"allow":["GET"]}}],"collection":[{"href":"https:\/\/ideat.be\/fr\/wp-json\/wp\/v2\/posts"}],"about":[{"href":"https:\/\/ideat.be\/fr\/wp-json\/wp\/v2\/types\/post"}],"author":[{"embeddable":true,"href":"https:\/\/ideat.be\/fr\/wp-json\/wp\/v2\/users\/2"}],"replies":[{"embeddable":true,"href":"https:\/\/ideat.be\/fr\/wp-json\/wp\/v2\/comments?post=188"}],"version-history":[{"count":0,"href":"https:\/\/ideat.be\/fr\/wp-json\/wp\/v2\/posts\/188\/revisions"}],"wp:featuredmedia":[{"embeddable":true,"href":"https:\/\/ideat.be\/fr\/wp-json\/wp\/v2\/media\/189"}],"wp:attachment":[{"href":"https:\/\/ideat.be\/fr\/wp-json\/wp\/v2\/media?parent=188"}],"wp:term":[{"taxonomy":"category","embeddable":true,"href":"https:\/\/ideat.be\/fr\/wp-json\/wp\/v2\/categories?post=188"},{"taxonomy":"post_tag","embeddable":true,"href":"https:\/\/ideat.be\/fr\/wp-json\/wp\/v2\/tags?post=188"},{"taxonomy":"signature","embeddable":true,"href":"https:\/\/ideat.be\/fr\/wp-json\/wp\/v2\/signature?post=188"}],"curies":[{"name":"wp","href":"https:\/\/api.w.org\/{rel}","templated":true}]}}