{"id":1964,"date":"2025-08-05T18:00:36","date_gmt":"2025-08-05T16:00:36","guid":{"rendered":"https:\/\/ideat.be\/fr\/?p=1964"},"modified":"2026-01-23T12:42:09","modified_gmt":"2026-01-23T11:42:09","slug":"paulmann-fait-entrer-la-lumiere-dans-la-conception-du-volume","status":"publish","type":"post","link":"https:\/\/ideat.be\/fr\/paulmann-fait-entrer-la-lumiere-dans-la-conception-du-volume\/","title":{"rendered":"Paulmann fait entrer la lumi\u00e8re dans la conception du volume"},"content":{"rendered":"","protected":false},"excerpt":{"rendered":"ULine, la lumi\u00e8re suspendue au gr\u00e9 des envies\nPens\u00e9 pour les espaces atypiques &#8211; poutres apparentes, plafonds hauts, angles complexes &#8211; le syst\u00e8me ULine bouscule les codes de l\u2019\u00e9clairage.","protected":false},"author":3,"featured_media":1976,"comment_status":"open","ping_status":"open","sticky":false,"template":"","format":"standard","meta":{"footnotes":""},"categories":[7],"tags":[],"signature":[],"class_list":["post-1964","post","type-post","status-publish","format-standard","has-post-thumbnail","hentry","category-thema-deco"],"acf":[],"_links":{"self":[{"href":"https:\/\/ideat.be\/fr\/wp-json\/wp\/v2\/posts\/1964","targetHints":{"allow":["GET"]}}],"collection":[{"href":"https:\/\/ideat.be\/fr\/wp-json\/wp\/v2\/posts"}],"about":[{"href":"https:\/\/ideat.be\/fr\/wp-json\/wp\/v2\/types\/post"}],"author":[{"embeddable":true,"href":"https:\/\/ideat.be\/fr\/wp-json\/wp\/v2\/users\/3"}],"replies":[{"embeddable":true,"href":"https:\/\/ideat.be\/fr\/wp-json\/wp\/v2\/comments?post=1964"}],"version-history":[{"count":0,"href":"https:\/\/ideat.be\/fr\/wp-json\/wp\/v2\/posts\/1964\/revisions"}],"wp:featuredmedia":[{"embeddable":true,"href":"https:\/\/ideat.be\/fr\/wp-json\/wp\/v2\/media\/1976"}],"wp:attachment":[{"href":"https:\/\/ideat.be\/fr\/wp-json\/wp\/v2\/media?parent=1964"}],"wp:term":[{"taxonomy":"category","embeddable":true,"href":"https:\/\/ideat.be\/fr\/wp-json\/wp\/v2\/categories?post=1964"},{"taxonomy":"post_tag","embeddable":true,"href":"https:\/\/ideat.be\/fr\/wp-json\/wp\/v2\/tags?post=1964"},{"taxonomy":"signature","embeddable":true,"href":"https:\/\/ideat.be\/fr\/wp-json\/wp\/v2\/signature?post=1964"}],"curies":[{"name":"wp","href":"https:\/\/api.w.org\/{rel}","templated":true}]}}