{"id":2729,"date":"2026-04-30T10:00:41","date_gmt":"2026-04-30T08:00:41","guid":{"rendered":"https:\/\/ideat.be\/fr\/?p=2729"},"modified":"2026-04-29T10:43:12","modified_gmt":"2026-04-29T08:43:12","slug":"un-siecle-de-design-vitra-celebre-le-centenaire-du-visionnaire-creatif-verner-panton","status":"publish","type":"post","link":"https:\/\/ideat.be\/fr\/un-siecle-de-design-vitra-celebre-le-centenaire-du-visionnaire-creatif-verner-panton\/","title":{"rendered":"Un si\u00e8cle de design : Vitra c\u00e9l\u00e8bre le centenaire du visionnaire cr\u00e9atif Verner Panton"},"content":{"rendered":"","protected":false},"excerpt":{"rendered":"Lignes exp\u00e9rimentales et esprit libre, l\u2019audace de Verner Panton continue de traverser le temps et de marquer les \u00e9poques. ...","protected":false},"author":3,"featured_media":2802,"comment_status":"open","ping_status":"open","sticky":false,"template":"","format":"standard","meta":{"footnotes":""},"categories":[4,2,96],"tags":[],"signature":[],"class_list":["post-2729","post","type-post","status-publish","format-standard","has-post-thumbnail","hentry","category-art-chitecture","category-design","category-id-partner"],"acf":[],"_links":{"self":[{"href":"https:\/\/ideat.be\/fr\/wp-json\/wp\/v2\/posts\/2729","targetHints":{"allow":["GET"]}}],"collection":[{"href":"https:\/\/ideat.be\/fr\/wp-json\/wp\/v2\/posts"}],"about":[{"href":"https:\/\/ideat.be\/fr\/wp-json\/wp\/v2\/types\/post"}],"author":[{"embeddable":true,"href":"https:\/\/ideat.be\/fr\/wp-json\/wp\/v2\/users\/3"}],"replies":[{"embeddable":true,"href":"https:\/\/ideat.be\/fr\/wp-json\/wp\/v2\/comments?post=2729"}],"version-history":[{"count":8,"href":"https:\/\/ideat.be\/fr\/wp-json\/wp\/v2\/posts\/2729\/revisions"}],"predecessor-version":[{"id":2803,"href":"https:\/\/ideat.be\/fr\/wp-json\/wp\/v2\/posts\/2729\/revisions\/2803"}],"wp:featuredmedia":[{"embeddable":true,"href":"https:\/\/ideat.be\/fr\/wp-json\/wp\/v2\/media\/2802"}],"wp:attachment":[{"href":"https:\/\/ideat.be\/fr\/wp-json\/wp\/v2\/media?parent=2729"}],"wp:term":[{"taxonomy":"category","embeddable":true,"href":"https:\/\/ideat.be\/fr\/wp-json\/wp\/v2\/categories?post=2729"},{"taxonomy":"post_tag","embeddable":true,"href":"https:\/\/ideat.be\/fr\/wp-json\/wp\/v2\/tags?post=2729"},{"taxonomy":"signature","embeddable":true,"href":"https:\/\/ideat.be\/fr\/wp-json\/wp\/v2\/signature?post=2729"}],"curies":[{"name":"wp","href":"https:\/\/api.w.org\/{rel}","templated":true}]}}