{"id":2826,"date":"2026-04-27T13:38:39","date_gmt":"2026-04-27T11:38:39","guid":{"rendered":"https:\/\/ideat.be\/fr\/?p=2826"},"modified":"2026-04-27T13:38:39","modified_gmt":"2026-04-27T11:38:39","slug":"val-disere-apres-ski","status":"publish","type":"post","link":"https:\/\/ideat.be\/fr\/val-disere-apres-ski\/","title":{"rendered":"Val d\u2019Is\u00e8re: Apr\u00e8s-ski"},"content":{"rendered":"","protected":false},"excerpt":{"rendered":"Alors que ses chalets se louent \u00e0 des prix stratosph\u00e9riques et que les plus belles marques de mode se battent pour y avoir une boutique, \u00e0 \u00ab Val \u00bb, le cool reste encore de skier en combi vintage, de ripailler dans un refuge d\u2019altitude et de randonner en raquettes.","protected":false},"author":3,"featured_media":2829,"comment_status":"open","ping_status":"open","sticky":false,"template":"","format":"standard","meta":{"footnotes":""},"categories":[6],"tags":[],"signature":[399],"class_list":["post-2826","post","type-post","status-publish","format-standard","has-post-thumbnail","hentry","category-travel"],"acf":[],"_links":{"self":[{"href":"https:\/\/ideat.be\/fr\/wp-json\/wp\/v2\/posts\/2826","targetHints":{"allow":["GET"]}}],"collection":[{"href":"https:\/\/ideat.be\/fr\/wp-json\/wp\/v2\/posts"}],"about":[{"href":"https:\/\/ideat.be\/fr\/wp-json\/wp\/v2\/types\/post"}],"author":[{"embeddable":true,"href":"https:\/\/ideat.be\/fr\/wp-json\/wp\/v2\/users\/3"}],"replies":[{"embeddable":true,"href":"https:\/\/ideat.be\/fr\/wp-json\/wp\/v2\/comments?post=2826"}],"version-history":[{"count":7,"href":"https:\/\/ideat.be\/fr\/wp-json\/wp\/v2\/posts\/2826\/revisions"}],"predecessor-version":[{"id":2849,"href":"https:\/\/ideat.be\/fr\/wp-json\/wp\/v2\/posts\/2826\/revisions\/2849"}],"wp:featuredmedia":[{"embeddable":true,"href":"https:\/\/ideat.be\/fr\/wp-json\/wp\/v2\/media\/2829"}],"wp:attachment":[{"href":"https:\/\/ideat.be\/fr\/wp-json\/wp\/v2\/media?parent=2826"}],"wp:term":[{"taxonomy":"category","embeddable":true,"href":"https:\/\/ideat.be\/fr\/wp-json\/wp\/v2\/categories?post=2826"},{"taxonomy":"post_tag","embeddable":true,"href":"https:\/\/ideat.be\/fr\/wp-json\/wp\/v2\/tags?post=2826"},{"taxonomy":"signature","embeddable":true,"href":"https:\/\/ideat.be\/fr\/wp-json\/wp\/v2\/signature?post=2826"}],"curies":[{"name":"wp","href":"https:\/\/api.w.org\/{rel}","templated":true}]}}