{"id":3410,"date":"2026-09-03T10:13:29","date_gmt":"2026-09-03T08:13:29","guid":{"rendered":"https:\/\/ideat.be\/fr\/?p=3410"},"modified":"2026-09-03T10:13:29","modified_gmt":"2026-09-03T08:13:29","slug":"une-villa-van-de-velde-renait-a-knokke","status":"publish","type":"post","link":"https:\/\/ideat.be\/fr\/une-villa-van-de-velde-renait-a-knokke\/","title":{"rendered":"Une villa Van de Velde rena\u00eet \u00e0 Knokke"},"content":{"rendered":"","protected":false},"excerpt":{"rendered":"Bien avant de devenir architecte d\u2019int\u00e9rieur, Aur\u00e9lie Penneman de Bosscheyde a pass\u00e9 de nombreux \u00e9t\u00e9s dans ce joyau architectural sign\u00e9 Henry Van de Velde, o\u00f9 vivaient ses amies d\u2019enfance.","protected":false},"author":3,"featured_media":3411,"comment_status":"open","ping_status":"open","sticky":false,"template":"","format":"standard","meta":{"footnotes":""},"categories":[4],"tags":[],"signature":[404],"class_list":["post-3410","post","type-post","status-publish","format-standard","has-post-thumbnail","hentry","category-art-chitecture"],"acf":[],"_links":{"self":[{"href":"https:\/\/ideat.be\/fr\/wp-json\/wp\/v2\/posts\/3410","targetHints":{"allow":["GET"]}}],"collection":[{"href":"https:\/\/ideat.be\/fr\/wp-json\/wp\/v2\/posts"}],"about":[{"href":"https:\/\/ideat.be\/fr\/wp-json\/wp\/v2\/types\/post"}],"author":[{"embeddable":true,"href":"https:\/\/ideat.be\/fr\/wp-json\/wp\/v2\/users\/3"}],"replies":[{"embeddable":true,"href":"https:\/\/ideat.be\/fr\/wp-json\/wp\/v2\/comments?post=3410"}],"version-history":[{"count":17,"href":"https:\/\/ideat.be\/fr\/wp-json\/wp\/v2\/posts\/3410\/revisions"}],"predecessor-version":[{"id":3414,"href":"https:\/\/ideat.be\/fr\/wp-json\/wp\/v2\/posts\/3410\/revisions\/3414"}],"wp:featuredmedia":[{"embeddable":true,"href":"https:\/\/ideat.be\/fr\/wp-json\/wp\/v2\/media\/3411"}],"wp:attachment":[{"href":"https:\/\/ideat.be\/fr\/wp-json\/wp\/v2\/media?parent=3410"}],"wp:term":[{"taxonomy":"category","embeddable":true,"href":"https:\/\/ideat.be\/fr\/wp-json\/wp\/v2\/categories?post=3410"},{"taxonomy":"post_tag","embeddable":true,"href":"https:\/\/ideat.be\/fr\/wp-json\/wp\/v2\/tags?post=3410"},{"taxonomy":"signature","embeddable":true,"href":"https:\/\/ideat.be\/fr\/wp-json\/wp\/v2\/signature?post=3410"}],"curies":[{"name":"wp","href":"https:\/\/api.w.org\/{rel}","templated":true}]}}