{"id":493,"date":"2023-07-21T07:30:55","date_gmt":"2023-07-21T05:30:55","guid":{"rendered":"https:\/\/ideat.be\/fr\/?p=493"},"modified":"2026-01-23T12:42:09","modified_gmt":"2026-01-23T11:42:09","slug":"victoria-maria-meillart-collection-art-de-la-table","status":"publish","type":"post","link":"https:\/\/ideat.be\/fr\/victoria-maria-meillart-collection-art-de-la-table\/","title":{"rendered":"Victoria-Maria x Meillart : une collection \u00e9clatante qui r\u00e9invente l\u2019art de la table"},"content":{"rendered":"","protected":false},"excerpt":{"rendered":"Dresser des tables vibrantes et conviviales est un art dans lequel la d\u00e9coratrice amoureuse inv\u00e9t\u00e9r\u00e9e des couleurs et des motifs Victoria-Maria Geyer excelle.","protected":false},"author":5,"featured_media":496,"comment_status":"open","ping_status":"open","sticky":false,"template":"","format":"standard","meta":{"footnotes":""},"categories":[3],"tags":[150,90,24,16,155],"signature":[151],"class_list":["post-493","post","type-post","status-publish","format-standard","has-post-thumbnail","hentry","category-lifestyle","tag-architect","tag-art","tag-decoration","tag-design","tag-tableware"],"acf":[],"_links":{"self":[{"href":"https:\/\/ideat.be\/fr\/wp-json\/wp\/v2\/posts\/493","targetHints":{"allow":["GET"]}}],"collection":[{"href":"https:\/\/ideat.be\/fr\/wp-json\/wp\/v2\/posts"}],"about":[{"href":"https:\/\/ideat.be\/fr\/wp-json\/wp\/v2\/types\/post"}],"author":[{"embeddable":true,"href":"https:\/\/ideat.be\/fr\/wp-json\/wp\/v2\/users\/5"}],"replies":[{"embeddable":true,"href":"https:\/\/ideat.be\/fr\/wp-json\/wp\/v2\/comments?post=493"}],"version-history":[{"count":0,"href":"https:\/\/ideat.be\/fr\/wp-json\/wp\/v2\/posts\/493\/revisions"}],"wp:featuredmedia":[{"embeddable":true,"href":"https:\/\/ideat.be\/fr\/wp-json\/wp\/v2\/media\/496"}],"wp:attachment":[{"href":"https:\/\/ideat.be\/fr\/wp-json\/wp\/v2\/media?parent=493"}],"wp:term":[{"taxonomy":"category","embeddable":true,"href":"https:\/\/ideat.be\/fr\/wp-json\/wp\/v2\/categories?post=493"},{"taxonomy":"post_tag","embeddable":true,"href":"https:\/\/ideat.be\/fr\/wp-json\/wp\/v2\/tags?post=493"},{"taxonomy":"signature","embeddable":true,"href":"https:\/\/ideat.be\/fr\/wp-json\/wp\/v2\/signature?post=493"}],"curies":[{"name":"wp","href":"https:\/\/api.w.org\/{rel}","templated":true}]}}