{"id":553,"date":"2023-07-31T09:56:38","date_gmt":"2023-07-31T07:56:38","guid":{"rendered":"https:\/\/ideat.be\/fr\/?p=553"},"modified":"2026-01-23T12:42:09","modified_gmt":"2026-01-23T11:42:09","slug":"afc-collection-sublime-realite-virtuelle-architecture-interieur","status":"publish","type":"post","link":"https:\/\/ideat.be\/fr\/afc-collection-sublime-realite-virtuelle-architecture-interieur\/","title":{"rendered":"AFC Collection : la r\u00e9alit\u00e9 virtuelle au service de l&rsquo;architecture d&rsquo;int\u00e9rieur"},"content":{"rendered":"","protected":false},"excerpt":{"rendered":"Dans le monde de l\u2019architecture d\u2019int\u00e9rieur en Belgique, ils se sont fait un nom. ...","protected":false},"author":5,"featured_media":554,"comment_status":"open","ping_status":"open","sticky":false,"template":"","format":"standard","meta":{"footnotes":""},"categories":[2,3],"tags":[165,150,16,166,106,167],"signature":[135],"class_list":["post-553","post","type-post","status-publish","format-standard","has-post-thumbnail","hentry","category-design","category-lifestyle","tag-afc-collection","tag-architect","tag-design","tag-interior-design","tag-made-in-belgium","tag-virtual-reality"],"acf":[],"_links":{"self":[{"href":"https:\/\/ideat.be\/fr\/wp-json\/wp\/v2\/posts\/553","targetHints":{"allow":["GET"]}}],"collection":[{"href":"https:\/\/ideat.be\/fr\/wp-json\/wp\/v2\/posts"}],"about":[{"href":"https:\/\/ideat.be\/fr\/wp-json\/wp\/v2\/types\/post"}],"author":[{"embeddable":true,"href":"https:\/\/ideat.be\/fr\/wp-json\/wp\/v2\/users\/5"}],"replies":[{"embeddable":true,"href":"https:\/\/ideat.be\/fr\/wp-json\/wp\/v2\/comments?post=553"}],"version-history":[{"count":1,"href":"https:\/\/ideat.be\/fr\/wp-json\/wp\/v2\/posts\/553\/revisions"}],"predecessor-version":[{"id":607,"href":"https:\/\/ideat.be\/fr\/wp-json\/wp\/v2\/posts\/553\/revisions\/607"}],"wp:featuredmedia":[{"embeddable":true,"href":"https:\/\/ideat.be\/fr\/wp-json\/wp\/v2\/media\/554"}],"wp:attachment":[{"href":"https:\/\/ideat.be\/fr\/wp-json\/wp\/v2\/media?parent=553"}],"wp:term":[{"taxonomy":"category","embeddable":true,"href":"https:\/\/ideat.be\/fr\/wp-json\/wp\/v2\/categories?post=553"},{"taxonomy":"post_tag","embeddable":true,"href":"https:\/\/ideat.be\/fr\/wp-json\/wp\/v2\/tags?post=553"},{"taxonomy":"signature","embeddable":true,"href":"https:\/\/ideat.be\/fr\/wp-json\/wp\/v2\/signature?post=553"}],"curies":[{"name":"wp","href":"https:\/\/api.w.org\/{rel}","templated":true}]}}