{"id":783,"date":"2023-11-03T14:40:38","date_gmt":"2023-11-03T13:40:38","guid":{"rendered":"https:\/\/ideat.be\/fr\/?p=783"},"modified":"2026-01-23T12:42:09","modified_gmt":"2026-01-23T11:42:09","slug":"biennale-dart-contemporain-europalia-la-georgie-a-l-honneur","status":"publish","type":"post","link":"https:\/\/ideat.be\/fr\/biennale-dart-contemporain-europalia-la-georgie-a-l-honneur\/","title":{"rendered":"Biennale d&rsquo;art contemporain Europalia : la G\u00e9orgie \u00e0 l\u2019honneur"},"content":{"rendered":"","protected":false},"excerpt":{"rendered":"Quand il \u00e9voque son immersion dans la sc\u00e8ne artistique g\u00e9orgienne \u00e0 l\u2019occasion de la Tbilissi Art Fair en 2019, Dirk Vermaelen se rappelle avoir \u00e9t\u00e9 d\u2019embl\u00e9e s\u00e9duit par la richesse de ce pays qui, en mati\u00e8re de cr\u00e9ation, fait encore figure d\u2019outsider.","protected":false},"author":5,"featured_media":787,"comment_status":"open","ping_status":"open","sticky":false,"template":"","format":"standard","meta":{"footnotes":""},"categories":[4],"tags":[90,213,171,21,214],"signature":[215],"class_list":["post-783","post","type-post","status-publish","format-standard","has-post-thumbnail","hentry","category-art-chitecture","tag-art","tag-art-contemporary","tag-belgian-artist","tag-expo","tag-festival"],"acf":[],"_links":{"self":[{"href":"https:\/\/ideat.be\/fr\/wp-json\/wp\/v2\/posts\/783","targetHints":{"allow":["GET"]}}],"collection":[{"href":"https:\/\/ideat.be\/fr\/wp-json\/wp\/v2\/posts"}],"about":[{"href":"https:\/\/ideat.be\/fr\/wp-json\/wp\/v2\/types\/post"}],"author":[{"embeddable":true,"href":"https:\/\/ideat.be\/fr\/wp-json\/wp\/v2\/users\/5"}],"replies":[{"embeddable":true,"href":"https:\/\/ideat.be\/fr\/wp-json\/wp\/v2\/comments?post=783"}],"version-history":[{"count":1,"href":"https:\/\/ideat.be\/fr\/wp-json\/wp\/v2\/posts\/783\/revisions"}],"predecessor-version":[{"id":816,"href":"https:\/\/ideat.be\/fr\/wp-json\/wp\/v2\/posts\/783\/revisions\/816"}],"wp:featuredmedia":[{"embeddable":true,"href":"https:\/\/ideat.be\/fr\/wp-json\/wp\/v2\/media\/787"}],"wp:attachment":[{"href":"https:\/\/ideat.be\/fr\/wp-json\/wp\/v2\/media?parent=783"}],"wp:term":[{"taxonomy":"category","embeddable":true,"href":"https:\/\/ideat.be\/fr\/wp-json\/wp\/v2\/categories?post=783"},{"taxonomy":"post_tag","embeddable":true,"href":"https:\/\/ideat.be\/fr\/wp-json\/wp\/v2\/tags?post=783"},{"taxonomy":"signature","embeddable":true,"href":"https:\/\/ideat.be\/fr\/wp-json\/wp\/v2\/signature?post=783"}],"curies":[{"name":"wp","href":"https:\/\/api.w.org\/{rel}","templated":true}]}}